{"id":3372,"date":"2023-07-25T12:25:07","date_gmt":"2023-07-25T10:25:07","guid":{"rendered":"https:\/\/www.nid.swiss\/?p=3372"},"modified":"2023-11-15T16:26:48","modified_gmt":"2023-11-15T15:26:48","slug":"violente-intemperie-nid-sa-impacte-mais-peut-deja-reprendre-ses-activites-de-production","status":"publish","type":"post","link":"https:\/\/www.nid.swiss\/de\/violente-intemperie-nid-sa-impacte-mais-peut-deja-reprendre-ses-activites-de-production\/","title":{"rendered":"Heftiges Gewitter: NID SA ist betroffen, kann aber seine Produktion schon wieder aufnehmen"},"content":{"rendered":"<p><strong>Ein Sturm mit Windgeschwindigkeit von \u00fcber 200 km\/h zog am sp\u00e4ten Montagmorgen, dem 24. Juli, \u00fcber die Neuenburger Berge hinweg und verursachte zahlreiche Sch\u00e4den, insbesondere auf dem Betriebsgel\u00e4nde der NID SA. Nach einem Sicherheitscheck k\u00f6nnen die Produktionsaktivit\u00e4ten bereits am Mittwoch, 26. Juli wieder aufgenommen werden.<\/strong><\/p>\n<p>Einige sprechen von einem Hurrikan, andere von einem Tornado. Ein au\u00dfergew\u00f6hnlich heftiger Sturm mit einer gesch\u00e4tzten Geschwindigkeit von \u00fcber 200 km\/h verw\u00fcstete am Montag, dem 24. Juli, gegen 11.30 Uhr La Chaux-de-Fonds, wo NID SA seinen Sitz hat.<\/p>\n<p>Sowohl f\u00fcr das Unternehmen als auch f\u00fcr die Angestellten sind die Sch\u00e4den zahlreich: Betriebsgeb\u00e4ude besch\u00e4digt, Glasbruch, entwurzelte B\u00e4ume, zerst\u00f6rte Fahrzeuge usw. Gl\u00fccklicherweise gab es keine Verletzten bei NID SA. Das f\u00fcr die Sicherheit zust\u00e4ndige Team konnte die Mitarbeiter mit allen Vorsichtsmassnahmen aus dem Geb\u00e4ude evakuieren.<\/p>\n<p>Eine Nutzungskontrolle des Geb\u00e4udes wurde durchgef\u00fchrt und die Produktionsaktivit\u00e4ten des Unternehmens k\u00f6nnen unter Sicherheits-Gew\u00e4hrleistung der Besch\u00e4ftigten ab morgen, Mittwoch, den 26. Juli wieder aufgenommen werden.<\/p>\n<p>&nbsp;<\/p>\n<p><strong>EINE WIEDERAUFNAHME OHNE VERZ\u00d6GERUNG<\/strong><\/p>\n<p>Obwohl der Gemeinderat von der Uhrenmetropole Jean-Daniel Jeanneret gestern auf einer Pressekonferenz sagte: \u00ab Dieser Sturm wird tiefe und dauerhafte Spuren in der Stadt la Chaux-de-Fonds hinterlassen \u00bb, ist die NID SA recht gut davongekommen. Einsatzkr\u00e4fte sind bereits damit besch\u00e4ftigt, die Tr\u00fcmmer zu beseitigen und die besch\u00e4digte Infrastruktur wieder aufzubauen, um den Betrieb des Unternehmens unverz\u00fcglich fortzusetzen.<\/p>\n<p>Wie alle B\u00fcrger und Unternehmen in La Chaux-de-Fonds ist auch die NID SA von diesem Ereignis tief betroffen. Wir richten unser aufrichtiges Beileid an die Familie des Opfers und unsere Genesungsw\u00fcnsche an die nach Angaben der Neuenburger Polizei und der Krankenh\u00e4user des RHNE zahlreichen Verletzten. Auch w\u00fcnschen wir unseren Nachbaren viel Mut bei den Wiederherstellungsarbeiten.<\/p>\n<p>&nbsp;<\/p>\n<p><span style=\"text-decoration: underline;\"><strong><a href=\"https:\/\/www.nid.swiss\/wp-content\/uploads\/2023\/07\/CP_25.07.2023_FR_DE.pdf\">Communiqu\u00e9 de presse | Pressebericht<\/a><\/strong><\/span><\/p>","protected":false},"excerpt":{"rendered":"<p>Une temp\u00eate avec des rafales de plus de 200km\/h a frapp\u00e9e, en fin de matin\u00e9e du lundi 24 juillet, les Montagnes neuch\u00e2teloises, occasionnant de nombreux d\u00e9g\u00e2ts, notamment sur le site de NiD SA. Apr\u00e8s un contr\u00f4le de s\u00e9curit\u00e9, ses activit\u00e9s de production pourront d\u00e9j\u00e0 reprendre ce mercredi 26 juillet. Certains parlent d\u2019un ouragan, d\u2019autres d\u2019une [&hellip;]<\/p>\n","protected":false},"author":7,"featured_media":3373,"comment_status":"closed","ping_status":"closed","sticky":false,"template":"","format":"standard","meta":{"_acf_changed":false,"footnotes":""},"categories":[14],"tags":[],"class_list":["post-3372","post","type-post","status-publish","format-standard","has-post-thumbnail","hentry","category-presse-release"],"acf":[],"yoast_head":"<!-- This site is optimized with the Yoast SEO plugin v28.4 - https:\/\/yoast.com\/product\/yoast-seo-wordpress\/ -->\n<title>Violente intemp\u00e9rie : NiD SA impact\u00e9 mais peut d\u00e9j\u00e0 reprendre ses activit\u00e9s de production - NiD SA<\/title>\n<meta name=\"robots\" content=\"index, follow, max-snippet:-1, max-image-preview:large, max-video-preview:-1\" \/>\n<link rel=\"canonical\" href=\"https:\/\/www.nid.swiss\/de\/violente-intemperie-nid-sa-impacte-mais-peut-deja-reprendre-ses-activites-de-production\/\" \/>\n<meta property=\"og:locale\" content=\"de_DE\" \/>\n<meta property=\"og:type\" content=\"article\" \/>\n<meta property=\"og:title\" content=\"Violente intemp\u00e9rie : NiD SA impact\u00e9 mais peut d\u00e9j\u00e0 reprendre ses activit\u00e9s de production - NiD SA\" \/>\n<meta property=\"og:description\" content=\"Une temp\u00eate avec des rafales de plus de 200km\/h a frapp\u00e9e, en fin de matin\u00e9e du lundi 24 juillet, les Montagnes neuch\u00e2teloises, occasionnant de nombreux d\u00e9g\u00e2ts, notamment sur le site de NiD SA. Apr\u00e8s un contr\u00f4le de s\u00e9curit\u00e9, ses activit\u00e9s de production pourront d\u00e9j\u00e0 reprendre ce mercredi 26 juillet. Certains parlent d\u2019un ouragan, d\u2019autres d\u2019une [&hellip;]\" \/>\n<meta property=\"og:url\" content=\"https:\/\/www.nid.swiss\/de\/violente-intemperie-nid-sa-impacte-mais-peut-deja-reprendre-ses-activites-de-production\/\" \/>\n<meta property=\"og:site_name\" content=\"NiD SA\" \/>\n<meta property=\"article:published_time\" content=\"2023-07-25T10:25:07+00:00\" \/>\n<meta property=\"article:modified_time\" content=\"2023-11-15T15:26:48+00:00\" \/>\n<meta property=\"og:image\" content=\"https:\/\/www.nid.swiss\/wp-content\/uploads\/2023\/07\/CP.png\" \/>\n\t<meta property=\"og:image:width\" content=\"1024\" \/>\n\t<meta property=\"og:image:height\" content=\"700\" \/>\n\t<meta property=\"og:image:type\" content=\"image\/png\" \/>\n<meta name=\"author\" content=\"Justin Paroz\" \/>\n<meta name=\"twitter:card\" content=\"summary_large_image\" \/>\n<meta name=\"twitter:label1\" content=\"Geschrieben von\" \/>\n\t<meta name=\"twitter:data1\" content=\"Justin Paroz\" \/>\n\t<meta name=\"twitter:label2\" content=\"Gesch\u00e4tzte Lesezeit\" \/>\n\t<meta name=\"twitter:data2\" content=\"2\u00a0Minuten\" \/>\n<script type=\"application\/ld+json\" class=\"yoast-schema-graph\">{\"@context\":\"https:\\\/\\\/schema.org\",\"@graph\":[{\"@type\":\"Article\",\"@id\":\"https:\\\/\\\/www.nid.swiss\\\/violente-intemperie-nid-sa-impacte-mais-peut-deja-reprendre-ses-activites-de-production\\\/#article\",\"isPartOf\":{\"@id\":\"https:\\\/\\\/www.nid.swiss\\\/violente-intemperie-nid-sa-impacte-mais-peut-deja-reprendre-ses-activites-de-production\\\/\"},\"author\":{\"name\":\"Justin Paroz\",\"@id\":\"https:\\\/\\\/www.nid.swiss\\\/#\\\/schema\\\/person\\\/7fe3c86b1addfa9547b2e7a1f668bf56\"},\"headline\":\"Violente intemp\u00e9rie : NiD SA impact\u00e9 mais peut d\u00e9j\u00e0 reprendre ses activit\u00e9s de production\",\"datePublished\":\"2023-07-25T10:25:07+00:00\",\"dateModified\":\"2023-11-15T15:26:48+00:00\",\"mainEntityOfPage\":{\"@id\":\"https:\\\/\\\/www.nid.swiss\\\/violente-intemperie-nid-sa-impacte-mais-peut-deja-reprendre-ses-activites-de-production\\\/\"},\"wordCount\":377,\"publisher\":{\"@id\":\"https:\\\/\\\/www.nid.swiss\\\/#organization\"},\"image\":{\"@id\":\"https:\\\/\\\/www.nid.swiss\\\/violente-intemperie-nid-sa-impacte-mais-peut-deja-reprendre-ses-activites-de-production\\\/#primaryimage\"},\"thumbnailUrl\":\"https:\\\/\\\/www.nid.swiss\\\/wp-content\\\/uploads\\\/2023\\\/07\\\/CP.png\",\"articleSection\":[\"Communiqu\u00e9 de presse\"],\"inLanguage\":\"de-CH\"},{\"@type\":\"WebPage\",\"@id\":\"https:\\\/\\\/www.nid.swiss\\\/violente-intemperie-nid-sa-impacte-mais-peut-deja-reprendre-ses-activites-de-production\\\/\",\"url\":\"https:\\\/\\\/www.nid.swiss\\\/violente-intemperie-nid-sa-impacte-mais-peut-deja-reprendre-ses-activites-de-production\\\/\",\"name\":\"Violente intemp\u00e9rie : NiD SA impact\u00e9 mais peut d\u00e9j\u00e0 reprendre ses activit\u00e9s de production - NiD SA\",\"isPartOf\":{\"@id\":\"https:\\\/\\\/www.nid.swiss\\\/#website\"},\"primaryImageOfPage\":{\"@id\":\"https:\\\/\\\/www.nid.swiss\\\/violente-intemperie-nid-sa-impacte-mais-peut-deja-reprendre-ses-activites-de-production\\\/#primaryimage\"},\"image\":{\"@id\":\"https:\\\/\\\/www.nid.swiss\\\/violente-intemperie-nid-sa-impacte-mais-peut-deja-reprendre-ses-activites-de-production\\\/#primaryimage\"},\"thumbnailUrl\":\"https:\\\/\\\/www.nid.swiss\\\/wp-content\\\/uploads\\\/2023\\\/07\\\/CP.png\",\"datePublished\":\"2023-07-25T10:25:07+00:00\",\"dateModified\":\"2023-11-15T15:26:48+00:00\",\"breadcrumb\":{\"@id\":\"https:\\\/\\\/www.nid.swiss\\\/violente-intemperie-nid-sa-impacte-mais-peut-deja-reprendre-ses-activites-de-production\\\/#breadcrumb\"},\"inLanguage\":\"de-CH\",\"potentialAction\":[{\"@type\":\"ReadAction\",\"target\":[\"https:\\\/\\\/www.nid.swiss\\\/violente-intemperie-nid-sa-impacte-mais-peut-deja-reprendre-ses-activites-de-production\\\/\"]}]},{\"@type\":\"ImageObject\",\"inLanguage\":\"de-CH\",\"@id\":\"https:\\\/\\\/www.nid.swiss\\\/violente-intemperie-nid-sa-impacte-mais-peut-deja-reprendre-ses-activites-de-production\\\/#primaryimage\",\"url\":\"https:\\\/\\\/www.nid.swiss\\\/wp-content\\\/uploads\\\/2023\\\/07\\\/CP.png\",\"contentUrl\":\"https:\\\/\\\/www.nid.swiss\\\/wp-content\\\/uploads\\\/2023\\\/07\\\/CP.png\",\"width\":1024,\"height\":700},{\"@type\":\"BreadcrumbList\",\"@id\":\"https:\\\/\\\/www.nid.swiss\\\/violente-intemperie-nid-sa-impacte-mais-peut-deja-reprendre-ses-activites-de-production\\\/#breadcrumb\",\"itemListElement\":[{\"@type\":\"ListItem\",\"position\":1,\"name\":\"Accueil\",\"item\":\"https:\\\/\\\/www.nid.swiss\\\/\"},{\"@type\":\"ListItem\",\"position\":2,\"name\":\"Violente intemp\u00e9rie : NiD SA impact\u00e9 mais peut d\u00e9j\u00e0 reprendre ses activit\u00e9s de production\"}]},{\"@type\":\"WebSite\",\"@id\":\"https:\\\/\\\/www.nid.swiss\\\/#website\",\"url\":\"https:\\\/\\\/www.nid.swiss\\\/\",\"name\":\"NiD SA\",\"description\":\"Swiss Competence in Identification and Authentication\",\"publisher\":{\"@id\":\"https:\\\/\\\/www.nid.swiss\\\/#organization\"},\"potentialAction\":[{\"@type\":\"SearchAction\",\"target\":{\"@type\":\"EntryPoint\",\"urlTemplate\":\"https:\\\/\\\/www.nid.swiss\\\/?s={search_term_string}\"},\"query-input\":{\"@type\":\"PropertyValueSpecification\",\"valueRequired\":true,\"valueName\":\"search_term_string\"}}],\"inLanguage\":\"de-CH\"},{\"@type\":\"Organization\",\"@id\":\"https:\\\/\\\/www.nid.swiss\\\/#organization\",\"name\":\"NiD SA\",\"url\":\"https:\\\/\\\/www.nid.swiss\\\/\",\"logo\":{\"@type\":\"ImageObject\",\"inLanguage\":\"de-CH\",\"@id\":\"https:\\\/\\\/www.nid.swiss\\\/#\\\/schema\\\/logo\\\/image\\\/\",\"url\":\"https:\\\/\\\/www.nid.swiss\\\/wp-content\\\/uploads\\\/2023\\\/02\\\/Logo_dark_claim.png\",\"contentUrl\":\"https:\\\/\\\/www.nid.swiss\\\/wp-content\\\/uploads\\\/2023\\\/02\\\/Logo_dark_claim.png\",\"width\":1668,\"height\":1668,\"caption\":\"NiD SA\"},\"image\":{\"@id\":\"https:\\\/\\\/www.nid.swiss\\\/#\\\/schema\\\/logo\\\/image\\\/\"},\"sameAs\":[\"https:\\\/\\\/ch.linkedin.com\\\/company\\\/nid-sa\"]},{\"@type\":\"Person\",\"@id\":\"https:\\\/\\\/www.nid.swiss\\\/#\\\/schema\\\/person\\\/7fe3c86b1addfa9547b2e7a1f668bf56\",\"name\":\"Justin Paroz\",\"image\":{\"@type\":\"ImageObject\",\"inLanguage\":\"de-CH\",\"@id\":\"https:\\\/\\\/secure.gravatar.com\\\/avatar\\\/3140a70d9b00c855d5dd236130f3e958c35fee2ff326323649625446aa24d734?s=96&d=mm&r=g\",\"url\":\"https:\\\/\\\/secure.gravatar.com\\\/avatar\\\/3140a70d9b00c855d5dd236130f3e958c35fee2ff326323649625446aa24d734?s=96&d=mm&r=g\",\"contentUrl\":\"https:\\\/\\\/secure.gravatar.com\\\/avatar\\\/3140a70d9b00c855d5dd236130f3e958c35fee2ff326323649625446aa24d734?s=96&d=mm&r=g\",\"caption\":\"Justin Paroz\"},\"url\":\"https:\\\/\\\/www.nid.swiss\\\/de\\\/author\\\/nid_editeur\\\/\"}]}<\/script>\n<!-- \/ Yoast SEO plugin. -->","yoast_head_json":{"title":"Heftiges Gewitter: NID SA ist betroffen, kann aber seine Produktion schon wieder aufnehmen","robots":{"index":"index","follow":"follow","max-snippet":"max-snippet:-1","max-image-preview":"max-image-preview:large","max-video-preview":"max-video-preview:-1"},"canonical":"https:\/\/www.nid.swiss\/de\/violente-intemperie-nid-sa-impacte-mais-peut-deja-reprendre-ses-activites-de-production\/","og_locale":"de_DE","og_type":"article","og_title":"Violente intemp\u00e9rie : NiD SA impact\u00e9 mais peut d\u00e9j\u00e0 reprendre ses activit\u00e9s de production - NiD SA","og_description":"Une temp\u00eate avec des rafales de plus de 200km\/h a frapp\u00e9e, en fin de matin\u00e9e du lundi 24 juillet, les Montagnes neuch\u00e2teloises, occasionnant de nombreux d\u00e9g\u00e2ts, notamment sur le site de NiD SA. Apr\u00e8s un contr\u00f4le de s\u00e9curit\u00e9, ses activit\u00e9s de production pourront d\u00e9j\u00e0 reprendre ce mercredi 26 juillet. Certains parlent d\u2019un ouragan, d\u2019autres d\u2019une [&hellip;]","og_url":"https:\/\/www.nid.swiss\/de\/violente-intemperie-nid-sa-impacte-mais-peut-deja-reprendre-ses-activites-de-production\/","og_site_name":"NiD SA","article_published_time":"2023-07-25T10:25:07+00:00","article_modified_time":"2023-11-15T15:26:48+00:00","og_image":[{"width":1024,"height":700,"url":"https:\/\/www.nid.swiss\/wp-content\/uploads\/2023\/07\/CP.png","type":"image\/png"}],"author":"Justin Paroz","twitter_card":"summary_large_image","twitter_misc":{"Geschrieben von":"Justin Paroz","Gesch\u00e4tzte Lesezeit":"2\u00a0Minuten"},"schema":{"@context":"https:\/\/schema.org","@graph":[{"@type":"Article","@id":"https:\/\/www.nid.swiss\/violente-intemperie-nid-sa-impacte-mais-peut-deja-reprendre-ses-activites-de-production\/#article","isPartOf":{"@id":"https:\/\/www.nid.swiss\/violente-intemperie-nid-sa-impacte-mais-peut-deja-reprendre-ses-activites-de-production\/"},"author":{"name":"Justin Paroz","@id":"https:\/\/www.nid.swiss\/#\/schema\/person\/7fe3c86b1addfa9547b2e7a1f668bf56"},"headline":"Violente intemp\u00e9rie : NiD SA impact\u00e9 mais peut d\u00e9j\u00e0 reprendre ses activit\u00e9s de production","datePublished":"2023-07-25T10:25:07+00:00","dateModified":"2023-11-15T15:26:48+00:00","mainEntityOfPage":{"@id":"https:\/\/www.nid.swiss\/violente-intemperie-nid-sa-impacte-mais-peut-deja-reprendre-ses-activites-de-production\/"},"wordCount":377,"publisher":{"@id":"https:\/\/www.nid.swiss\/#organization"},"image":{"@id":"https:\/\/www.nid.swiss\/violente-intemperie-nid-sa-impacte-mais-peut-deja-reprendre-ses-activites-de-production\/#primaryimage"},"thumbnailUrl":"https:\/\/www.nid.swiss\/wp-content\/uploads\/2023\/07\/CP.png","articleSection":["Communiqu\u00e9 de presse"],"inLanguage":"de-CH"},{"@type":"WebPage","@id":"https:\/\/www.nid.swiss\/violente-intemperie-nid-sa-impacte-mais-peut-deja-reprendre-ses-activites-de-production\/","url":"https:\/\/www.nid.swiss\/violente-intemperie-nid-sa-impacte-mais-peut-deja-reprendre-ses-activites-de-production\/","name":"Heftiges Gewitter: NID SA ist betroffen, kann aber seine Produktion schon wieder aufnehmen","isPartOf":{"@id":"https:\/\/www.nid.swiss\/#website"},"primaryImageOfPage":{"@id":"https:\/\/www.nid.swiss\/violente-intemperie-nid-sa-impacte-mais-peut-deja-reprendre-ses-activites-de-production\/#primaryimage"},"image":{"@id":"https:\/\/www.nid.swiss\/violente-intemperie-nid-sa-impacte-mais-peut-deja-reprendre-ses-activites-de-production\/#primaryimage"},"thumbnailUrl":"https:\/\/www.nid.swiss\/wp-content\/uploads\/2023\/07\/CP.png","datePublished":"2023-07-25T10:25:07+00:00","dateModified":"2023-11-15T15:26:48+00:00","breadcrumb":{"@id":"https:\/\/www.nid.swiss\/violente-intemperie-nid-sa-impacte-mais-peut-deja-reprendre-ses-activites-de-production\/#breadcrumb"},"inLanguage":"de-CH","potentialAction":[{"@type":"ReadAction","target":["https:\/\/www.nid.swiss\/violente-intemperie-nid-sa-impacte-mais-peut-deja-reprendre-ses-activites-de-production\/"]}]},{"@type":"ImageObject","inLanguage":"de-CH","@id":"https:\/\/www.nid.swiss\/violente-intemperie-nid-sa-impacte-mais-peut-deja-reprendre-ses-activites-de-production\/#primaryimage","url":"https:\/\/www.nid.swiss\/wp-content\/uploads\/2023\/07\/CP.png","contentUrl":"https:\/\/www.nid.swiss\/wp-content\/uploads\/2023\/07\/CP.png","width":1024,"height":700},{"@type":"BreadcrumbList","@id":"https:\/\/www.nid.swiss\/violente-intemperie-nid-sa-impacte-mais-peut-deja-reprendre-ses-activites-de-production\/#breadcrumb","itemListElement":[{"@type":"ListItem","position":1,"name":"Accueil","item":"https:\/\/www.nid.swiss\/"},{"@type":"ListItem","position":2,"name":"Violente intemp\u00e9rie : NiD SA impact\u00e9 mais peut d\u00e9j\u00e0 reprendre ses activit\u00e9s de production"}]},{"@type":"WebSite","@id":"https:\/\/www.nid.swiss\/#website","url":"https:\/\/www.nid.swiss\/","name":"NiD SA","description":"Swiss Competence in Identification and Authentication","publisher":{"@id":"https:\/\/www.nid.swiss\/#organization"},"potentialAction":[{"@type":"SearchAction","target":{"@type":"EntryPoint","urlTemplate":"https:\/\/www.nid.swiss\/?s={search_term_string}"},"query-input":{"@type":"PropertyValueSpecification","valueRequired":true,"valueName":"search_term_string"}}],"inLanguage":"de-CH"},{"@type":"Organization","@id":"https:\/\/www.nid.swiss\/#organization","name":"NiD SA","url":"https:\/\/www.nid.swiss\/","logo":{"@type":"ImageObject","inLanguage":"de-CH","@id":"https:\/\/www.nid.swiss\/#\/schema\/logo\/image\/","url":"https:\/\/www.nid.swiss\/wp-content\/uploads\/2023\/02\/Logo_dark_claim.png","contentUrl":"https:\/\/www.nid.swiss\/wp-content\/uploads\/2023\/02\/Logo_dark_claim.png","width":1668,"height":1668,"caption":"NiD SA"},"image":{"@id":"https:\/\/www.nid.swiss\/#\/schema\/logo\/image\/"},"sameAs":["https:\/\/ch.linkedin.com\/company\/nid-sa"]},{"@type":"Person","@id":"https:\/\/www.nid.swiss\/#\/schema\/person\/7fe3c86b1addfa9547b2e7a1f668bf56","name":"Justin Paroz","image":{"@type":"ImageObject","inLanguage":"de-CH","@id":"https:\/\/secure.gravatar.com\/avatar\/3140a70d9b00c855d5dd236130f3e958c35fee2ff326323649625446aa24d734?s=96&d=mm&r=g","url":"https:\/\/secure.gravatar.com\/avatar\/3140a70d9b00c855d5dd236130f3e958c35fee2ff326323649625446aa24d734?s=96&d=mm&r=g","contentUrl":"https:\/\/secure.gravatar.com\/avatar\/3140a70d9b00c855d5dd236130f3e958c35fee2ff326323649625446aa24d734?s=96&d=mm&r=g","caption":"Justin Paroz"},"url":"https:\/\/www.nid.swiss\/de\/author\/nid_editeur\/"}]}},"_links":{"self":[{"href":"https:\/\/www.nid.swiss\/de\/wp-json\/wp\/v2\/posts\/3372","targetHints":{"allow":["GET"]}}],"collection":[{"href":"https:\/\/www.nid.swiss\/de\/wp-json\/wp\/v2\/posts"}],"about":[{"href":"https:\/\/www.nid.swiss\/de\/wp-json\/wp\/v2\/types\/post"}],"author":[{"embeddable":true,"href":"https:\/\/www.nid.swiss\/de\/wp-json\/wp\/v2\/users\/7"}],"replies":[{"embeddable":true,"href":"https:\/\/www.nid.swiss\/de\/wp-json\/wp\/v2\/comments?post=3372"}],"version-history":[{"count":0,"href":"https:\/\/www.nid.swiss\/de\/wp-json\/wp\/v2\/posts\/3372\/revisions"}],"wp:featuredmedia":[{"embeddable":true,"href":"https:\/\/www.nid.swiss\/de\/wp-json\/wp\/v2\/media\/3373"}],"wp:attachment":[{"href":"https:\/\/www.nid.swiss\/de\/wp-json\/wp\/v2\/media?parent=3372"}],"wp:term":[{"taxonomy":"category","embeddable":true,"href":"https:\/\/www.nid.swiss\/de\/wp-json\/wp\/v2\/categories?post=3372"},{"taxonomy":"post_tag","embeddable":true,"href":"https:\/\/www.nid.swiss\/de\/wp-json\/wp\/v2\/tags?post=3372"}],"curies":[{"name":"wp","href":"https:\/\/api.w.org\/{rel}","templated":true}]}}